{"id":272,"date":"2021-02-17T09:55:55","date_gmt":"2021-02-17T08:55:55","guid":{"rendered":"http:\/\/atelier-eveil.com\/?p=272"},"modified":"2021-10-25T00:22:21","modified_gmt":"2021-10-24T22:22:21","slug":"fanzine-poetique-cricri","status":"publish","type":"post","link":"https:\/\/atelier-eveil.com\/index.php\/2021\/02\/17\/fanzine-poetique-cricri\/","title":{"rendered":"Fanzine po\u00e9tique &lsquo;CriCri&rsquo;"},"content":{"rendered":"<p>[et_pb_section admin_label=\u00a0\u00bbsection\u00a0\u00bb]<br>[et_pb_row admin_label=\u00a0\u00bbrow\u00a0\u00bb]<br>[et_pb_column type=\u00a0\u00bb4_4&Prime;][et_pb_text admin_label=\u00a0\u00bbText\u00a0\u00bb]<\/p>\n\n\n<p>Le Printemps Oriental a d\u00e9but\u00e9 et avec lui l&rsquo;\u00e9closion de nombreux projets qui ont germ\u00e9 sous Terre pendant l&rsquo;hiver.<\/p>\n\n\n\n<p>Parmi ceux-l\u00e0 un projet cher \u00e0 mes yeux : <strong>le fanzine po\u00e9tique &lsquo;CriCri&rsquo; <\/strong>qui prolonge mes activit\u00e9s d&rsquo;animatrice d&rsquo;ateliers d&rsquo;\u00e9criture cr\u00e9ative.<\/p>\n\n\n\n<p><br>Sur papier                                                                                                                    <\/p>\n\n\n\n<p>De l&rsquo;air et de l&rsquo;amiti\u00e9                                                                                                 <\/p>\n\n\n\n<p>Un fanzine                                                                                                                                                                                                                                                                                                                                                                                                                                       <br>                           <\/p>\n\n\n\n<p> Sovimanga<br><\/p>\n\n\n\n<p>Il sera imprim\u00e9 en tirage limit\u00e9 (100 exemplaires) avec une p\u00e9riodicit\u00e9 de 5 num\u00e9ros par an (au fil des saisons).<\/p>\n\n\n\n<p>Son humble vocation : &nbsp;un plongeon dans la beaut\u00e9, faire d\u00e9couvrir la po\u00e9sie, redonner du sens aux mots, inciter \u00e0 cr\u00e9er, en suivant le rythme des saisons, les 5 sens, et les 5 \u00e9l\u00e9ments.<br><br>&nbsp;Son contenu :<br>&nbsp;. des po\u00e8mes, ha\u00efkus, ha\u00efshas, ha\u00efgas, chansons, hain-teny, kanshi, calligrammes d&rsquo;hier et d&rsquo;aujourd&rsquo;hui, dialogue entre po\u00e8tes contemporains et anciens<br>&nbsp;. des consignes d&rsquo;\u00e9criture cr\u00e9ative pour cr\u00e9er chez soi<br>&nbsp;. des illustrations, des photos<br><br>&nbsp;La ligne \u00e9ditoriale : fra\u00eecheur !<br><br>&nbsp;Le public : tous les r\u00eaveurs de France et de Navarre, petits et grands sans oublier le public francophone \u00e9tranger<br><br>&nbsp;Les contributeurs : vous, moi, et tous nos amis et amies de plume<br><br>&nbsp;Le titre \u00e9vocateur : CriCri (le grillon qui stridule)<\/p>\n\n\n\n<p>&nbsp;Le sous-titre : Des mots qui font du bruit<\/p>\n\n\n\n<p>&nbsp;Le premier num\u00e9ro a pour th\u00e8me le Printemps avec la contribution de <strong>Manda, Hanitr&rsquo;Ony, Sovimanga et d&rsquo;autres talents.<\/strong><\/p>\n\n\n\n<p>&nbsp;Le lien pour participer au financement est ici : <a target=\"_blank\" href=\"https:\/\/www.kisskissbankbank.com\/fr\/projects\/fanzine-poetique-cricri\" rel=\"noreferrer noopener\">https:\/\/www.kisskissbankbank.com\/fr\/projects\/fanzine-poetique-cricri<\/a><\/p>\n\n\n\n<p>Vous pouvez \u00e9galement participer avec vos talents d&rsquo;\u00e9crivains si une des rubriques vous inspire, par vos talents de communicant pour la faire conna\u00eetre.<\/p>\n\n\n\n<p><strong>\u00c0 quoi servira la collecte ?<\/strong><\/p>\n\n\n\n<p>Le budget estim\u00e9 est de 2 400 euros au total dont :<\/p>\n\n\n\n<p>&nbsp;. 1061 euros HT \/ 1327 euros TTC : impression devis chevillon imprimeur (20 pages, format 15&#215;21 cm ferm\u00e9 (A5), papier recycl\u00e9 240g, impression encres v\u00e9g\u00e9tales quadri recto-verso)&nbsp;. 8 euros TTC : 100 enveloppes A5<br>&nbsp;. 350 euros HT \/ 438 euros TTC : mise en page du fichier<br>&nbsp;. 40 euros HT \/ 50 euros TTC : relecture ortho-typo<br>&nbsp;. 50 euros TTC : achat d&rsquo;illustration<br>&nbsp;. 460 euros TTC : frais d&rsquo;envoi des 100 exemplaires France et international<br>&nbsp;. 67 euros TTC : divers (dont tisanes pour les auteurs)<br><br>&nbsp;Si nous n&rsquo;arrivons pas \u00e0 boucler le budget, nous l&rsquo;\u00e9diterons en num\u00e9rique.<\/p>\n\n\n\n<p>Voici la version num\u00e9rique : <a href=\"https:\/\/www.cjoint.com\/c\/KFwnU7XClP2\">https:\/\/www.cjoint.com\/c\/KDppWamTd17<\/a><\/p>\n\n\n\n<p>&nbsp;Je vous laisse le d\u00e9couvrir et vous souhaite une belle journ\u00e9e !<\/p>\n\n\n\n<p><br>Avec enthousiasme,<\/p>\n\n\n\n<p>Crystel<br><a target=\"_blank\" href=\"http:\/\/www.atelier-eveil.com\" rel=\"noreferrer noopener\">www.atelier-eveil.com<\/a><\/p>\n\n\n<p>[\/et_pb_text][\/et_pb_column]<br>\n\t\t[\/et_pb_row]<br>\n\t[\/et_pb_section]<\/p>","protected":false},"excerpt":{"rendered":"<p>[et_pb_section admin_label=\u00a0\u00bbsection\u00a0\u00bb][et_pb_row admin_label=\u00a0\u00bbrow\u00a0\u00bb][et_pb_column type=\u00a0\u00bb4_4&Prime;][et_pb_text admin_label=\u00a0\u00bbText\u00a0\u00bb] Le Printemps Oriental a d\u00e9but\u00e9 et avec lui l&rsquo;\u00e9closion de nombreux projets qui ont germ\u00e9 sous Terre pendant l&rsquo;hiver. Parmi ceux-l\u00e0 un projet cher \u00e0 mes yeux : le fanzine po\u00e9tique &lsquo;CriCri&rsquo; qui prolonge mes activit\u00e9s d&rsquo;animatrice d&rsquo;ateliers d&rsquo;\u00e9criture cr\u00e9ative. Sur papier De l&rsquo;air et de l&rsquo;amiti\u00e9 Un fanzine Sovimanga [&hellip;]<\/p>\n","protected":false},"author":1,"featured_media":273,"comment_status":"closed","ping_status":"closed","sticky":false,"template":"","format":"standard","meta":{"_et_pb_use_builder":"on","_et_pb_old_content":"<!-- wp:image {\"id\":273,\"sizeSlug\":\"large\",\"linkDestination\":\"none\"} -->\n<figure class=\"wp-block-image size-large\"><img src=\"http:\/\/atelier-eveil.com\/wp-content\/uploads\/2021\/02\/Capture.jpg\" alt=\"\" class=\"wp-image-273\"\/><\/figure>\n<!-- \/wp:image -->\n\n<!-- wp:paragraph -->\n<p>Le Printemps Oriental a d\u00e9but\u00e9 et avec lui l'\u00e9closion de nombreux projets qui ont germ\u00e9 sous Terre pendant l'hiver.<\/p>\n<!-- \/wp:paragraph -->\n\n<!-- wp:paragraph -->\n<p>Parmi ceux-l\u00e0 un projet cher \u00e0 mes yeux : <strong>le fanzine po\u00e9tique 'CriCri' <\/strong>qui prolonge mes activit\u00e9s d'animatrice d'ateliers d'\u00e9criture cr\u00e9ative.<\/p>\n<!-- \/wp:paragraph -->\n\n<!-- wp:paragraph -->\n<p><br>Sur papier                                                                                                                    <\/p>\n<!-- \/wp:paragraph -->\n\n<!-- wp:paragraph -->\n<p>De l'air et de l'amiti\u00e9                                                                                                 <\/p>\n<!-- \/wp:paragraph -->\n\n<!-- wp:paragraph -->\n<p>Un fanzine                                                                                                                                                                                                                                                                                                                                                                                                                                       <br>                           <\/p>\n<!-- \/wp:paragraph -->\n\n<!-- wp:paragraph -->\n<p> Sovimanga<br><\/p>\n<!-- \/wp:paragraph -->\n\n<!-- wp:paragraph -->\n<p>Il sera imprim\u00e9 en tirage limit\u00e9 (100 exemplaires) avec une p\u00e9riodicit\u00e9 de 5 num\u00e9ros par an (au fil des saisons).<\/p>\n<!-- \/wp:paragraph -->\n\n<!-- wp:paragraph -->\n<p>Son humble vocation : &nbsp;un plongeon dans la beaut\u00e9, faire d\u00e9couvrir la po\u00e9sie, redonner du sens aux mots, inciter \u00e0 cr\u00e9er, en suivant le rythme des saisons, les 5 sens, et les 5 \u00e9l\u00e9ments.<br><br>&nbsp;Son contenu :<br>&nbsp;. des po\u00e8mes, ha\u00efkus, ha\u00efshas, ha\u00efgas, chansons, hain-teny, kanshi, calligrammes d'hier et d'aujourd'hui, dialogue entre po\u00e8tes contemporains et anciens<br>&nbsp;. des consignes d'\u00e9criture cr\u00e9ative pour cr\u00e9er chez soi<br>&nbsp;. des illustrations, des photos<br><br>&nbsp;La ligne \u00e9ditoriale : fra\u00eecheur !<br><br>&nbsp;Le public : tous les r\u00eaveurs de France et de Navarre, petits et grands sans oublier le public francophone \u00e9tranger<br><br>&nbsp;Les contributeurs : vous, moi, et tous nos amis et amies de plume<br><br>&nbsp;Le titre \u00e9vocateur : CriCri (le grillon qui stridule)<\/p>\n<!-- \/wp:paragraph -->\n\n<!-- wp:paragraph -->\n<p>&nbsp;Le sous-titre : Des mots qui font du bruit<\/p>\n<!-- \/wp:paragraph -->\n\n<!-- wp:paragraph -->\n<p>&nbsp;Le premier num\u00e9ro a pour th\u00e8me le Printemps avec la contribution de <strong>Manda, Hanitr'Ony, Sovimanga et d'autres talents.<\/strong><\/p>\n<!-- \/wp:paragraph -->\n\n<!-- wp:paragraph -->\n<p>&nbsp;La maquette en cours de cr\u00e9ation est t\u00e9l\u00e9chargeable ici : <a target=\"_blank\" href=\"https:\/\/www.cjoint.com\/c\/KBdprV4U3GG\" rel=\"noreferrer noopener\">https:\/\/www.cjoint.com\/c\/KBdprV4U3GG<\/a><br><br>&nbsp;Le lien pour participer au financement est ici : <a target=\"_blank\" href=\"https:\/\/www.kisskissbankbank.com\/fr\/projects\/fanzine-poetique-cricri\" rel=\"noreferrer noopener\">https:\/\/www.kisskissbankbank.com\/fr\/projects\/fanzine-poetique-cricri<\/a><\/p>\n<!-- \/wp:paragraph -->\n\n<!-- wp:paragraph -->\n<p>Vous pouvez \u00e9galement participer avec vos talents d'\u00e9crivains si une des rubriques vous inspire, par vos talents de communicant pour la faire conna\u00eetre.<\/p>\n<!-- \/wp:paragraph -->\n\n<!-- wp:paragraph -->\n<p><strong>\u00c0 quoi servira la collecte ?<\/strong><\/p>\n<!-- \/wp:paragraph -->\n\n<!-- wp:paragraph -->\n<p>Le budget estim\u00e9 est de 2 400 euros au total dont :<\/p>\n<!-- \/wp:paragraph -->\n\n<!-- wp:paragraph -->\n<p>&nbsp;. 1061 euros HT \/ 1327 euros TTC : impression devis chevillon imprimeur (20 pages, format 15x21 cm ferm\u00e9 (A5), papier recycl\u00e9 240g, impression encres v\u00e9g\u00e9tales quadri recto-verso)&nbsp;. 8 euros TTC : 100 enveloppes A5<br>&nbsp;. 350 euros HT \/ 438 euros TTC : mise en page du fichier<br>&nbsp;. 40 euros HT \/ 50 euros TTC : relecture ortho-typo<br>&nbsp;. 50 euros TTC : achat d'illustration<br>&nbsp;. 460 euros TTC : frais d'envoi des 100 exemplaires France et international<br>&nbsp;. 67 euros TTC : divers (dont tisanes pour les auteurs)<br><br>&nbsp;Si nous n'arrivons pas \u00e0 boucler le budget, nous l'\u00e9diterons en num\u00e9rique.<br><br>&nbsp;Je vous laisse le d\u00e9couvrir et vous souhaite une belle journ\u00e9e !<\/p>\n<!-- \/wp:paragraph -->\n\n<!-- wp:paragraph -->\n<p><br>Avec enthousiasme,<\/p>\n<!-- \/wp:paragraph -->\n\n<!-- wp:paragraph -->\n<p>Crystel<br><a target=\"_blank\" href=\"http:\/\/www.atelier-eveil.com\" rel=\"noreferrer noopener\">www.atelier-eveil.com<\/a><\/p>\n<!-- \/wp:paragraph -->"},"categories":[6],"tags":[],"yoast_head":"<!-- This site is optimized with the Yoast SEO plugin v15.8 - https:\/\/yoast.com\/wordpress\/plugins\/seo\/ -->\n<title>Fanzine po\u00e9tique &#039;CriCri&#039; - Atelier Eveil<\/title>\n<meta name=\"robots\" content=\"index, follow, max-snippet:-1, max-image-preview:large, max-video-preview:-1\" \/>\n<link rel=\"canonical\" href=\"https:\/\/atelier-eveil.com\/index.php\/2021\/02\/17\/fanzine-poetique-cricri\/\" \/>\n<meta property=\"og:locale\" content=\"fr_FR\" \/>\n<meta property=\"og:type\" content=\"article\" \/>\n<meta property=\"og:title\" content=\"Fanzine po\u00e9tique &#039;CriCri&#039; - Atelier Eveil\" \/>\n<meta property=\"og:description\" content=\"[et_pb_section admin_label=\u00a0\u00bbsection\u00a0\u00bb][et_pb_row admin_label=\u00a0\u00bbrow\u00a0\u00bb][et_pb_column type=\u00a0\u00bb4_4&Prime;][et_pb_text admin_label=\u00a0\u00bbText\u00a0\u00bb] Le Printemps Oriental a d\u00e9but\u00e9 et avec lui l&rsquo;\u00e9closion de nombreux projets qui ont germ\u00e9 sous Terre pendant l&rsquo;hiver. Parmi ceux-l\u00e0 un projet cher \u00e0 mes yeux : le fanzine po\u00e9tique &lsquo;CriCri&rsquo; qui prolonge mes activit\u00e9s d&rsquo;animatrice d&rsquo;ateliers d&rsquo;\u00e9criture cr\u00e9ative. Sur papier De l&rsquo;air et de l&rsquo;amiti\u00e9 Un fanzine Sovimanga [&hellip;]\" \/>\n<meta property=\"og:url\" content=\"https:\/\/atelier-eveil.com\/index.php\/2021\/02\/17\/fanzine-poetique-cricri\/\" \/>\n<meta property=\"og:site_name\" content=\"Atelier Eveil\" \/>\n<meta property=\"article:published_time\" content=\"2021-02-17T08:55:55+00:00\" \/>\n<meta property=\"article:modified_time\" content=\"2021-10-24T22:22:21+00:00\" \/>\n<meta property=\"og:image\" content=\"https:\/\/atelier-eveil.com\/wp-content\/uploads\/2021\/02\/Capture.jpg\" \/>\n\t<meta property=\"og:image:width\" content=\"716\" \/>\n\t<meta property=\"og:image:height\" content=\"292\" \/>\n<meta name=\"twitter:card\" content=\"summary_large_image\" \/>\n<meta name=\"twitter:label1\" content=\"Dur\u00e9e de lecture est.\">\n\t<meta name=\"twitter:data1\" content=\"2 minutes\">\n<script type=\"application\/ld+json\" class=\"yoast-schema-graph\">{\"@context\":\"https:\/\/schema.org\",\"@graph\":[{\"@type\":\"WebSite\",\"@id\":\"https:\/\/atelier-eveil.com\/#website\",\"url\":\"https:\/\/atelier-eveil.com\/\",\"name\":\"Atelier Eveil\",\"description\":\"\",\"potentialAction\":[{\"@type\":\"SearchAction\",\"target\":\"https:\/\/atelier-eveil.com\/?s={search_term_string}\",\"query-input\":\"required name=search_term_string\"}],\"inLanguage\":\"fr-FR\"},{\"@type\":\"ImageObject\",\"@id\":\"https:\/\/atelier-eveil.com\/index.php\/2021\/02\/17\/fanzine-poetique-cricri\/#primaryimage\",\"inLanguage\":\"fr-FR\",\"url\":\"https:\/\/atelier-eveil.com\/wp-content\/uploads\/2021\/02\/Capture.jpg\",\"width\":716,\"height\":292},{\"@type\":\"WebPage\",\"@id\":\"https:\/\/atelier-eveil.com\/index.php\/2021\/02\/17\/fanzine-poetique-cricri\/#webpage\",\"url\":\"https:\/\/atelier-eveil.com\/index.php\/2021\/02\/17\/fanzine-poetique-cricri\/\",\"name\":\"Fanzine po\\u00e9tique 'CriCri' - Atelier Eveil\",\"isPartOf\":{\"@id\":\"https:\/\/atelier-eveil.com\/#website\"},\"primaryImageOfPage\":{\"@id\":\"https:\/\/atelier-eveil.com\/index.php\/2021\/02\/17\/fanzine-poetique-cricri\/#primaryimage\"},\"datePublished\":\"2021-02-17T08:55:55+00:00\",\"dateModified\":\"2021-10-24T22:22:21+00:00\",\"author\":{\"@id\":\"https:\/\/atelier-eveil.com\/#\/schema\/person\/cfa81cd16ce91a430e93c0adcddeeb4f\"},\"breadcrumb\":{\"@id\":\"https:\/\/atelier-eveil.com\/index.php\/2021\/02\/17\/fanzine-poetique-cricri\/#breadcrumb\"},\"inLanguage\":\"fr-FR\",\"potentialAction\":[{\"@type\":\"ReadAction\",\"target\":[\"https:\/\/atelier-eveil.com\/index.php\/2021\/02\/17\/fanzine-poetique-cricri\/\"]}]},{\"@type\":\"BreadcrumbList\",\"@id\":\"https:\/\/atelier-eveil.com\/index.php\/2021\/02\/17\/fanzine-poetique-cricri\/#breadcrumb\",\"itemListElement\":[{\"@type\":\"ListItem\",\"position\":1,\"item\":{\"@type\":\"WebPage\",\"@id\":\"https:\/\/atelier-eveil.com\/\",\"url\":\"https:\/\/atelier-eveil.com\/\",\"name\":\"Accueil\"}},{\"@type\":\"ListItem\",\"position\":2,\"item\":{\"@type\":\"WebPage\",\"@id\":\"https:\/\/atelier-eveil.com\/index.php\/2021\/02\/17\/fanzine-poetique-cricri\/\",\"url\":\"https:\/\/atelier-eveil.com\/index.php\/2021\/02\/17\/fanzine-poetique-cricri\/\",\"name\":\"Fanzine po\\u00e9tique &lsquo;CriCri&rsquo;\"}}]},{\"@type\":\"Person\",\"@id\":\"https:\/\/atelier-eveil.com\/#\/schema\/person\/cfa81cd16ce91a430e93c0adcddeeb4f\",\"name\":\"admin5736\",\"image\":{\"@type\":\"ImageObject\",\"@id\":\"https:\/\/atelier-eveil.com\/#personlogo\",\"inLanguage\":\"fr-FR\",\"url\":\"https:\/\/secure.gravatar.com\/avatar\/dbf33590e98edc813fd71f8f9c38028f?s=96&d=mm&r=g\",\"caption\":\"admin5736\"},\"sameAs\":[\"http:\/\/atelier-eveil.com\"]}]}<\/script>\n<!-- \/ Yoast SEO plugin. -->","_links":{"self":[{"href":"https:\/\/atelier-eveil.com\/index.php\/wp-json\/wp\/v2\/posts\/272"}],"collection":[{"href":"https:\/\/atelier-eveil.com\/index.php\/wp-json\/wp\/v2\/posts"}],"about":[{"href":"https:\/\/atelier-eveil.com\/index.php\/wp-json\/wp\/v2\/types\/post"}],"author":[{"embeddable":true,"href":"https:\/\/atelier-eveil.com\/index.php\/wp-json\/wp\/v2\/users\/1"}],"replies":[{"embeddable":true,"href":"https:\/\/atelier-eveil.com\/index.php\/wp-json\/wp\/v2\/comments?post=272"}],"version-history":[{"count":11,"href":"https:\/\/atelier-eveil.com\/index.php\/wp-json\/wp\/v2\/posts\/272\/revisions"}],"predecessor-version":[{"id":333,"href":"https:\/\/atelier-eveil.com\/index.php\/wp-json\/wp\/v2\/posts\/272\/revisions\/333"}],"wp:featuredmedia":[{"embeddable":true,"href":"https:\/\/atelier-eveil.com\/index.php\/wp-json\/wp\/v2\/media\/273"}],"wp:attachment":[{"href":"https:\/\/atelier-eveil.com\/index.php\/wp-json\/wp\/v2\/media?parent=272"}],"wp:term":[{"taxonomy":"category","embeddable":true,"href":"https:\/\/atelier-eveil.com\/index.php\/wp-json\/wp\/v2\/categories?post=272"},{"taxonomy":"post_tag","embeddable":true,"href":"https:\/\/atelier-eveil.com\/index.php\/wp-json\/wp\/v2\/tags?post=272"}],"curies":[{"name":"wp","href":"https:\/\/api.w.org\/{rel}","templated":true}]}}